{"id":112,"date":"2021-04-15T23:20:46","date_gmt":"2021-04-15T21:20:46","guid":{"rendered":"https:\/\/www.journaldantan.fr\/?p=112"},"modified":"2021-04-17T21:57:11","modified_gmt":"2021-04-17T19:57:11","slug":"debloque-grace-a-la-prise-de-la-bastille","status":"publish","type":"post","link":"https:\/\/www.journaldantan.fr\/index.php\/2021\/04\/15\/debloque-grace-a-la-prise-de-la-bastille\/","title":{"rendered":"D\u00e9bloqu\u00e9 gr\u00e2ce \u00e0 la prise de la Bastille"},"content":{"rendered":"\n<p><\/p>\n\n\n\n<p>Je partage aujourd&rsquo;hui mes recherches sur une branche sur laquelle j&rsquo;\u00e9tais bloqu\u00e9 depuis un certain temps. L&rsquo;anc\u00eatre parisien <strong>Jean Charles<\/strong> <strong>GODAILLIER<\/strong> me donnait du fil \u00e0 retordre et il m&rsquo;\u00e9tait impossible de remonter plus loin que 1789. Comme beaucoup de g\u00e9n\u00e9alogistes, je me suis heurt\u00e9 \u00e0 la disparition des actes civils parisiens br\u00fbl\u00e9s il y a 150 ans lors de la Commune. J&rsquo;ai trouv\u00e9 tant bien que mal des actes reconstitu\u00e9s, mais je suis progressivement arriv\u00e9 \u00e0 court d&rsquo;informations et il m&rsquo;\u00e9tait impossible de remonter plus loin sur cette branche. Et cela jusqu&rsquo;\u00e0 ce que les archives nationales mettent en ligne une base sur les \u00ab <a href=\"https:\/\/www.siv.archives-nationales.culture.gouv.fr\/siv\/IR\/FRAN_IR_058532\">R\u00e9compenses honorifiques des vainqueurs de la Bastille en 1789<\/a>&nbsp;\u00bb, fin 2020. J&rsquo;y ai alors trouv\u00e9 Jean Charles GODAILLIER, originaire de la Somme, me permettant ensuite de faire un bond de plusieurs g\u00e9n\u00e9rations.<\/p>\n\n\n\n<p>Comme le montre l&rsquo;arbre suivant, je cherchais l&rsquo;origine de ce <strong>Jean Charles GODAILLIER<\/strong>, mari\u00e9 \u00e0 Paris le 22 ao\u00fbt 1789 \u00e0 Anne Marie Th\u00e9r\u00e8se Claudine DARRAS.<\/p>\n\n\n\n<figure class=\"wp-block-image size-large\"><img loading=\"lazy\" decoding=\"async\" width=\"1024\" height=\"383\" src=\"https:\/\/www.journaldantan.fr\/wp-content\/uploads\/2021\/04\/Godailler-ancetre-1-1024x383.png\" alt=\"\" class=\"wp-image-120\" srcset=\"https:\/\/www.journaldantan.fr\/wp-content\/uploads\/2021\/04\/Godailler-ancetre-1-1024x383.png 1024w, https:\/\/www.journaldantan.fr\/wp-content\/uploads\/2021\/04\/Godailler-ancetre-1-300x112.png 300w, https:\/\/www.journaldantan.fr\/wp-content\/uploads\/2021\/04\/Godailler-ancetre-1-768x287.png 768w, https:\/\/www.journaldantan.fr\/wp-content\/uploads\/2021\/04\/Godailler-ancetre-1.png 1053w\" sizes=\"auto, (max-width: 1024px) 100vw, 1024px\" \/><\/figure>\n\n\n\n<p>Gr\u00e2ce aux Fonds Andriveau je savais que son p\u00e8re se pr\u00e9nommait Fran\u00e7ois GODAILLIER et que sa m\u00e8re Marie Anne LECLERC.<\/p>\n\n\n\n<figure class=\"wp-block-gallery columns-2 is-cropped wp-block-gallery-1 is-layout-flex wp-block-gallery-is-layout-flex\"><ul class=\"blocks-gallery-grid\"><li class=\"blocks-gallery-item\"><figure><img loading=\"lazy\" decoding=\"async\" width=\"523\" height=\"814\" src=\"https:\/\/www.journaldantan.fr\/wp-content\/uploads\/2021\/04\/1789-08-22-GODAILLIER-x-DARRAS-Acte-de-Mariage-reconstitue-Cote-GODAILLIER.png\" alt=\"\" data-id=\"136\" data-full-url=\"https:\/\/www.journaldantan.fr\/wp-content\/uploads\/2021\/04\/1789-08-22-GODAILLIER-x-DARRAS-Acte-de-Mariage-reconstitue-Cote-GODAILLIER.png\" data-link=\"https:\/\/www.journaldantan.fr\/index.php\/2021\/04\/15\/debloque-grace-a-la-prise-de-la-bastille\/1789-08-22-godaillier-x-darras-acte-de-mariage-reconstitue-cote-godaillier\/\" class=\"wp-image-136\" srcset=\"https:\/\/www.journaldantan.fr\/wp-content\/uploads\/2021\/04\/1789-08-22-GODAILLIER-x-DARRAS-Acte-de-Mariage-reconstitue-Cote-GODAILLIER.png 523w, https:\/\/www.journaldantan.fr\/wp-content\/uploads\/2021\/04\/1789-08-22-GODAILLIER-x-DARRAS-Acte-de-Mariage-reconstitue-Cote-GODAILLIER-193x300.png 193w\" sizes=\"auto, (max-width: 523px) 100vw, 523px\" \/><\/figure><\/li><li class=\"blocks-gallery-item\"><figure><img loading=\"lazy\" decoding=\"async\" width=\"514\" height=\"814\" src=\"https:\/\/www.journaldantan.fr\/wp-content\/uploads\/2021\/04\/1789-08-22-GODAILLIER-x-DARRAS-Acte-de-Mariage-reconstitue-Cote-DARRAS.png\" alt=\"\" data-id=\"137\" data-full-url=\"https:\/\/www.journaldantan.fr\/wp-content\/uploads\/2021\/04\/1789-08-22-GODAILLIER-x-DARRAS-Acte-de-Mariage-reconstitue-Cote-DARRAS.png\" data-link=\"https:\/\/www.journaldantan.fr\/index.php\/2021\/04\/15\/debloque-grace-a-la-prise-de-la-bastille\/1789-08-22-godaillier-x-darras-acte-de-mariage-reconstitue-cote-darras\/\" class=\"wp-image-137\" srcset=\"https:\/\/www.journaldantan.fr\/wp-content\/uploads\/2021\/04\/1789-08-22-GODAILLIER-x-DARRAS-Acte-de-Mariage-reconstitue-Cote-DARRAS.png 514w, https:\/\/www.journaldantan.fr\/wp-content\/uploads\/2021\/04\/1789-08-22-GODAILLIER-x-DARRAS-Acte-de-Mariage-reconstitue-Cote-DARRAS-189x300.png 189w\" sizes=\"auto, (max-width: 514px) 100vw, 514px\" \/><\/figure><\/li><\/ul><figcaption class=\"blocks-gallery-caption\">22 Ao\u00fbt 1789 &#8211; Acte de mariage GODAILLER x DARRAS &#8211; Fonds Andriveau &#8211; Mariages \u00e0 Paris (1613-1805)<\/figcaption><\/figure>\n\n\n\n<p>Malgr\u00e9 mes recherches dans de nombreuses bases et outils, je n&rsquo;avais rien trouv\u00e9 \u00e0 Paris avant ce mariage de 1789 mis \u00e0 part un homonyme (et cousin \u00e9loign\u00e9) de Meaux. Une intuition me disait toutefois que Jean Charles n&rsquo;\u00e9tait pas d&rsquo;origine parisienne. Mais o\u00f9 donc chercher ?<\/p>\n\n\n\n<p>Je suis tomb\u00e9 sur les \u00ab <a href=\"https:\/\/www.siv.archives-nationales.culture.gouv.fr\/siv\/IR\/FRAN_IR_058532\">R\u00e9compenses honorifiques des vainqueurs de la Bastille en 1789<\/a>&nbsp;\u00bb totalement par hasard sans me rendre compte que l&rsquo;information <a href=\"https:\/\/www.rfgenealogie.com\/infos\/archives-nationales-trois-bases-revolutionnaires-inedites-en-ligne\">venait juste d&rsquo;\u00eatre publi\u00e9e.<\/a> Les archives nationales <a href=\"https:\/\/www.siv.archives-nationales.culture.gouv.fr\/siv\/IR\/FRAN_IR_058532\">m&rsquo;ont alors d\u00e9bloqu\u00e9<\/a> en me mettant sur la bonne piste.<\/p>\n\n\n\n<div class=\"wp-block-image\"><figure class=\"aligncenter size-large\"><img loading=\"lazy\" decoding=\"async\" width=\"877\" height=\"384\" src=\"https:\/\/www.journaldantan.fr\/wp-content\/uploads\/2021\/04\/Godaillier-archives-nationales.png\" alt=\"\" class=\"wp-image-113\" srcset=\"https:\/\/www.journaldantan.fr\/wp-content\/uploads\/2021\/04\/Godaillier-archives-nationales.png 877w, https:\/\/www.journaldantan.fr\/wp-content\/uploads\/2021\/04\/Godaillier-archives-nationales-300x131.png 300w, https:\/\/www.journaldantan.fr\/wp-content\/uploads\/2021\/04\/Godaillier-archives-nationales-768x336.png 768w\" sizes=\"auto, (max-width: 877px) 100vw, 877px\" \/><figcaption><a href=\"https:\/\/www.siv.archives-nationales.culture.gouv.fr\/siv\/UD\/FRAN_IR_058532\/bastille_273\">Archives Nationales<\/a><\/figcaption><\/figure><\/div>\n\n\n\n<div class=\"wp-block-image is-style-default\"><figure class=\"alignright size-large is-resized\"><img loading=\"lazy\" decoding=\"async\" src=\"https:\/\/www.journaldantan.fr\/wp-content\/uploads\/2021\/04\/prise-bastille-14-juillet.jpg\" alt=\"\" class=\"wp-image-139\" width=\"363\" height=\"286\" srcset=\"https:\/\/www.journaldantan.fr\/wp-content\/uploads\/2021\/04\/prise-bastille-14-juillet.jpg 653w, https:\/\/www.journaldantan.fr\/wp-content\/uploads\/2021\/04\/prise-bastille-14-juillet-300x237.jpg 300w\" sizes=\"auto, (max-width: 363px) 100vw, 363px\" \/><figcaption>Prise de la Bastille et arrestation du gouverneur M. de Launay, le 14 juillet 1789 \u00a9 Photo RMN-Grand Palais<\/figcaption><\/figure><\/div>\n\n\n\n<p>Un Jean Charles GODAILLER (sans I) originaire de la Somme a donc particip\u00e9 \u00e0 la prise de la bastille le 14 juillet 1789. \u00c0 ce stade, rien ne prouvait qu&rsquo;il s&rsquo;agissait bien du GODAILLIER que je cherchais. Toutefois la profession de bonnetier m&rsquo;a mis la puce \u00e0 l&rsquo;oreille. La fille de \u00ab\u00a0mon\u00a0\u00bb Jean Charles GODAILLIER, Th\u00e9r\u00e8se Fran\u00e7oise, s&rsquo;est mari\u00e9e \u00e0 un bonnetier. Elle m\u00eame ayant eu un fils ayant eu comme profession n\u00e9gociant et marchand de nouveaut\u00e9s. Le m\u00eame milieu socio-professionnel, c&rsquo;est un indice.<\/p>\n\n\n\n<p>Je me suis alors rendu aux archives de la Somme (en ligne) dans la ville de Gratibus o\u00f9 je suis tomb\u00e9 sur une quantit\u00e9 astronomique de GODAILLER et GODAILLIER. J&rsquo;ai fini par tomber sur l&rsquo;unique Jean Charles GODAILLER des registres, n\u00e9 un 4 mai 1766 \u00e0 Gratibus de Fran\u00e7ois GODAILLER et Marie Anne LECLERC !<\/p>\n\n\n\n<figure class=\"wp-block-image size-large\"><img loading=\"lazy\" decoding=\"async\" width=\"1024\" height=\"696\" src=\"https:\/\/www.journaldantan.fr\/wp-content\/uploads\/2021\/04\/1766-05-04-GODAILLIER-Jean-Charles-1024x696.jpg\" alt=\"\" class=\"wp-image-138\" srcset=\"https:\/\/www.journaldantan.fr\/wp-content\/uploads\/2021\/04\/1766-05-04-GODAILLIER-Jean-Charles-1024x696.jpg 1024w, https:\/\/www.journaldantan.fr\/wp-content\/uploads\/2021\/04\/1766-05-04-GODAILLIER-Jean-Charles-300x204.jpg 300w, https:\/\/www.journaldantan.fr\/wp-content\/uploads\/2021\/04\/1766-05-04-GODAILLIER-Jean-Charles-768x522.jpg 768w, https:\/\/www.journaldantan.fr\/wp-content\/uploads\/2021\/04\/1766-05-04-GODAILLIER-Jean-Charles.jpg 1052w\" sizes=\"auto, (max-width: 1024px) 100vw, 1024px\" \/><figcaption>04\/05\/1766 &#8211; Acte de naissance de Jean Charles Godaillier &#8211; Gratibus (Somme) &#8211; 5MI_D548<\/figcaption><\/figure>\n\n\n\n<p>Apr\u00e8s avoir pass\u00e9 de nombreuses soir\u00e9es \u00e0 indexer l&rsquo;int\u00e9gralit\u00e9 de l&rsquo;\u00e9tat civil de Gratibus pour cartographier la famille GODAILLIER, j&rsquo;ai repris mes recherches. J&rsquo;ai consid\u00e9r\u00e9 que la correspondance \u00e9tait faite et que tout portait \u00e0 croire qu&rsquo;il s&rsquo;agissait bien de la m\u00eame personne. Toutefois je suis parti \u00e0 la recherche de l&rsquo;information me permettant d&rsquo;acter cela une fois pour toute.<\/p>\n\n\n\n<div class=\"wp-block-image\"><figure class=\"alignright size-large is-resized\"><img loading=\"lazy\" decoding=\"async\" src=\"https:\/\/www.journaldantan.fr\/wp-content\/uploads\/2021\/04\/Carte-de-surete-958x1024.jpeg\" alt=\"\" class=\"wp-image-140\" width=\"385\" height=\"410\"\/><figcaption>Exemple de Carte de suret\u00e9 &#8211; 1792 &#8211; <a href=\"https:\/\/gallica.bnf.fr\/ark:\/12148\/btv1b69503913\">Gallica<\/a><\/figcaption><\/figure><\/div>\n\n\n\n<p>J&rsquo;ai fini par tomber sur la base des \u00ab <a href=\"http:\/\/www.bibgen.org\/rech3-fr.html\">Cartes de s\u00fbret\u00e9 \u00e0 Paris de 1792 \u00e0 1795<\/a> \u00bb, anc\u00eatres de nos cartes d&rsquo;identit\u00e9, d\u00e9livr\u00e9es au parisiens de 1792 \u00e0 1795 <a href=\"https:\/\/fr.wikipedia.org\/wiki\/Terreur_(R%C3%A9volution_fran%C3%A7aise)\">sous la Terreur<\/a>. J&rsquo;ai trouv\u00e9 deux r\u00e9sultats pour GODAILLER et un pour GODAILLIER. Et donc, surprise ! Plusieurs GODAILLER issus de Gratibus ont \u00e9migr\u00e9 \u00e0 Paris, dont un certain&#8230; Jean Charles en 1788.<\/p>\n\n\n\n<blockquote class=\"wp-block-quote is-layout-flow wp-block-quote-is-layout-flow\"><p>N\u00b0enregistrement: 148852<br>Code carton: F7\/4804<br>N\u00b0d&rsquo;ordre: 2882<br>Date d\u00e9livrance: 930804<br>Patronyme: GODAILLIER<br>Pr\u00e9nom: J Charles<br>Age: 27<br>Profession: F de bas<br>Domicile actuel: Rue Ste Marguerite 47<br>Domicile pr\u00e9c\u00e9dent: Fg St Marcel<br>INSEE dom.pr\u00e9c\u00e9d.: 75056<br>Date arriv\u00e9e Paris: Depuis 5 ans<br>Ville naissance lue: Gratibu<br>Ville naissance r\u00e9elle: Gratibus<br>INSEE ville naissance: 80386<br>D\u00e9partement: Somme<br>Signe O\/N: N<br>Observations\u00a0\u00bb: D\u00e9clare ne savoir signer<\/p><cite>Cartes de suret\u00e9\u00a0\u00bb \u00e0 Paris de 1792 \u00e0 1795 &#8211; http:\/\/www.bibgen.org\/rech3-fr.html<\/cite><\/blockquote>\n\n\n\n<p>Me voil\u00e0 donc avec une double source pointant vers la ville de Gratibus.<\/p>\n\n\n\n<p>A ce jour, en avril 2021, je suis toujours \u00e0 la recherche du d\u00e9c\u00e8s de Jean Charles GODAILLIER dans l&rsquo;espoir d&rsquo;avoir la correspondance sur sa naissance. Il \u00e9tait vraisemblablement encore vivant dans les ann\u00e9es 1830 (dossier aux archives nationales). Il faudra sans doute que je me d\u00e9place aux archives de Paris pour esp\u00e9rer trouver l&rsquo;information.<\/p>\n\n\n\n<p>J&rsquo;ai ainsi trouv\u00e9 les origines de <strong>Jean Charles GODAILLIER<\/strong>. N\u00e9 en 1766 \u00e0 Gratibus dans la Somme, il a \u00e9migr\u00e9 \u00e0 Paris en 1788 \u00e0 l&rsquo;\u00e2ge de 22 ans et a particip\u00e9 \u00e0 la prise de la Bastille le 14 juillet 1789 en tant que garde fran\u00e7ais. Un mois apr\u00e8s la prise de la Bastille il se marie le 22 ao\u00fbt 1789 \u00e0 Anne Marie Th\u00e9r\u00e8se Claudine DARRAS. Mariage dont est issue Th\u00e9r\u00e8se Fran\u00e7oise GODAILLIER n\u00e9e vers 1791 (50 ans \u00e0 son d\u00e9c\u00e8s en 1841).<\/p>\n\n\n\n<p>Vous pouvez retrouver l&rsquo;arbre d\u00e9taill\u00e9 de Jean Charles GODAILLIER <a href=\"https:\/\/gw.geneanet.org\/ysculo_w?iz=5&amp;n=godaillier&amp;oc=0&amp;p=jean+charles&amp;type=fiche\">sur mon arbre Geneanet<\/a>.<\/p>\n","protected":false},"excerpt":{"rendered":"<p>Je partage aujourd&rsquo;hui mes recherches sur une branche sur laquelle j&rsquo;\u00e9tais bloqu\u00e9 depuis un certain temps. L&rsquo;anc\u00eatre parisien Jean Charles GODAILLIER me donnait du fil \u00e0 retordre et il m&rsquo;\u00e9tait impossible de remonter plus loin que 1789. Comme beaucoup de g\u00e9n\u00e9alogistes, je me suis heurt\u00e9 \u00e0 la disparition des actes civils parisiens br\u00fbl\u00e9s il y [&hellip;]<\/p>\n","protected":false},"author":1,"featured_media":139,"comment_status":"open","ping_status":"open","sticky":false,"template":"","format":"standard","meta":{"footnotes":""},"categories":[7,12],"tags":[10],"class_list":["post-112","post","type-post","status-publish","format-standard","has-post-thumbnail","hentry","category-histoire","category-journal","tag-godaillier","entry","has-media"],"_links":{"self":[{"href":"https:\/\/www.journaldantan.fr\/index.php\/wp-json\/wp\/v2\/posts\/112","targetHints":{"allow":["GET"]}}],"collection":[{"href":"https:\/\/www.journaldantan.fr\/index.php\/wp-json\/wp\/v2\/posts"}],"about":[{"href":"https:\/\/www.journaldantan.fr\/index.php\/wp-json\/wp\/v2\/types\/post"}],"author":[{"embeddable":true,"href":"https:\/\/www.journaldantan.fr\/index.php\/wp-json\/wp\/v2\/users\/1"}],"replies":[{"embeddable":true,"href":"https:\/\/www.journaldantan.fr\/index.php\/wp-json\/wp\/v2\/comments?post=112"}],"version-history":[{"count":15,"href":"https:\/\/www.journaldantan.fr\/index.php\/wp-json\/wp\/v2\/posts\/112\/revisions"}],"predecessor-version":[{"id":145,"href":"https:\/\/www.journaldantan.fr\/index.php\/wp-json\/wp\/v2\/posts\/112\/revisions\/145"}],"wp:featuredmedia":[{"embeddable":true,"href":"https:\/\/www.journaldantan.fr\/index.php\/wp-json\/wp\/v2\/media\/139"}],"wp:attachment":[{"href":"https:\/\/www.journaldantan.fr\/index.php\/wp-json\/wp\/v2\/media?parent=112"}],"wp:term":[{"taxonomy":"category","embeddable":true,"href":"https:\/\/www.journaldantan.fr\/index.php\/wp-json\/wp\/v2\/categories?post=112"},{"taxonomy":"post_tag","embeddable":true,"href":"https:\/\/www.journaldantan.fr\/index.php\/wp-json\/wp\/v2\/tags?post=112"}],"curies":[{"name":"wp","href":"https:\/\/api.w.org\/{rel}","templated":true}]}}